{"id":2396,"date":"2019-10-24T21:07:50","date_gmt":"2019-10-24T19:07:50","guid":{"rendered":"http:\/\/musedu.at\/?p=2396"},"modified":"2020-03-28T15:03:33","modified_gmt":"2020-03-28T14:03:33","slug":"zeitungsartikel-musedu-aus-liebe-zur-musik","status":"publish","type":"post","link":"https:\/\/musedu.at\/de\/zeitungsartikel-musedu-aus-liebe-zur-musik\/","title":{"rendered":"Zeitungsartikel &#8220;Musedu: Aus Liebe zur Musik&#8221;"},"content":{"rendered":"<p>Die &#8220;Wiener Bezirkszeitung&#8221; &#8211; Ausgabe 3. Bezirk Landstra\u00dfe &#8211; hat ein Interview mit MUSEDU-Gr\u00fcnder Matthias K\u00f6nig gef\u00fchrt. Redakteurin Yvonne Brandstetter befragte ihn zur Idee des Vereins und zu seinen W\u00fcnschen f\u00fcr die weitere Entwicklung. Eine elektronische Version des Originals aus der Ausgabe vom 23.\/24. Oktober 2019 kannst du <a href=\"http:\/\/musedu.at\/wp-content\/uploads\/BZ_Article_102019.pdf\">hier herunterladen<\/a>. Nachfolgend ein Abdruck des Artikels.<\/p>\n\n\n\n<!--more-->\n\n\n\n<p>Wien 23.\/24. Oktober 2019 <br>BZ &#8211; WIENER BEZIRKSZEITUNG (bra)<\/p>\n\n\n\n<h2 class=\"wp-block-heading\">Musedu: Aus Liebe zur Musik<\/h2>\n\n\n\n<p><em><strong>Der gemeinn\u00fctzige Verein Musedu hat zum Ziel, das Musizieren von Amateuren zu f\u00f6rdern. <\/strong><\/em><\/p>\n\n\n\n<p><em>Matthias K\u00f6nig ist Hobbymusiker aus Leidenschaft. Mit dem Musizieren angefangen hat er allerdings \u2013 im Gegensatz zu vielen von seinen Kollegen \u2013 erst im Erwachsenenalter. Wie schwer das sein kann, hat er dann selbst erfahren. \u201eKurse gibt es bei uns gro\u00dfteils entweder f\u00fcr Kinder oder f\u00fcr Profis\u201c, sagt er. \u201eDasselbe gilt auch f\u00fcr Musik-Literatur: Auch die ist kinderlastig.\u201c K\u00f6nig wollte ein Instrument lernen und aufgrund des geringen Angebots suchte er schlie\u00dflich online oder \u00fcber Aush\u00e4nge. \u201eIch finde allerdings, dass das Thema Musik einen viel w\u00fcrdigeren Auftritt verdient\u201c, meint er. Aus dieser Motivation heraus, entschloss er sich schlie\u00dflich dazu, in der Landstra\u00dfer Hauptstra\u00dfe gemeinsam mit einer Freundin den gemeinn\u00fctzigen Verein Musedu zu gr\u00fcnden. Der Name steht f\u00fcr die zwei englischen Worte \u201emusic\u201c und \u201eeducation\u201c, also musikalische Ausbildung. <\/em><\/p>\n\n\n\n<p><em>Das Konzept: Auf einer Online-Plattform (www.musedu.at) k\u00f6nnen sich professionelle Musiker oder Musiklehrer mit ihrem Unterrichtsangebot pr\u00e4sentieren. Interessierte Sch\u00fcler haben dann die M\u00f6glichkeit, gratis und ohne vorherige Registrierung, nach geeigneten Musiklehrern zu suchen. Die Erstellung der Online-Plattform fiel K\u00f6nig als gelerntem Software-Entwickler nicht schwer. Ziel des Vereins ist es, aktives Musizieren von Amateuren \u00f6sterreichweit zu f\u00f6rdern. Der Verein finanziert sich aus Eigenmitteln und verzeichnet derzeit um die 50 Mitglieder.  <\/em><\/p>\n\n\n\n<p><em><strong> Vereine sichtbar machen<\/strong><\/em><\/p>\n\n\n\n<p><em>Seit 2017 baut K\u00f6nig sein Projekt Schritt f\u00fcr Schritt auf \u2013 und erh\u00e4lt immer st\u00e4rkeren Zuspruch. Auf Qualit\u00e4t legt man bei Musedu gro\u00dfen Wert. \u201eWenn sich jemand als Musiklehrer registrieren m\u00f6chte, soll er qualifiziert sein\u201c, stellt K\u00f6nig klar. \u201eDie Personen m\u00fcssen vorab ihre Unterlagen schicken. Au\u00dferdem wollen wir keine Dumping-Preise\u201c. Von der Blockfl\u00f6te, \u00fcber die Harfe bis hin zur Mundharmonika ist f\u00fcr jeden etwas dabei. Auch sprachlich herrscht Vielfalt: Kurse werden neben Deutsch auf Englisch, T\u00fcrkisch oder Japanisch angeboten. <\/em><\/p>\n\n\n\n<p><em>Neben mehr Ausbildungsm\u00f6glichkeiten f\u00fcr Erwachsene tr\u00e4umt K\u00f6nig noch davon, dass kleinere Vereinsinitiativen in den Bezirken sichtbarer werden. \u201eAmtsh\u00e4user sind teilweise mit Klavieren ausgestattet, es finden Konzerte dort statt. Wir w\u00fcrden uns freuen, wenn man die R\u00e4umlichkeiten auch f\u00fcr Vereinsworkshops oder Amateurkonzerte nutzen k\u00f6nnte\u201c, sagt er. \u201eEs ist als Verein oft schwierig, R\u00e4umlichkeiten zu finden.\u201c Indes hofft K\u00f6nig, dass Musedu weiterhin so guten Zuspruch findet. Und dass viele Menschen seine Leidenschaft teilen \u2013 die Musik.  <\/em><\/p>","protected":false},"excerpt":{"rendered":"<p>Die &#8220;Wiener Bezirkszeitung&#8221; &#8211; Ausgabe 3. Bezirk Landstra\u00dfe &#8211; hat ein Interview mit MUSEDU-Gr\u00fcnder Matthias K\u00f6nig gef\u00fchrt. Redakteurin Yvonne Brandstetter befragte ihn zur Idee des Vereins und zu seinen W\u00fcnschen &#8230; <a title=\"Zeitungsartikel &#8220;Musedu: Aus Liebe zur Musik&#8221;\" class=\"read-more\" href=\"https:\/\/musedu.at\/de\/zeitungsartikel-musedu-aus-liebe-zur-musik\/\" aria-label=\"Mehr zu Zeitungsartikel &#8220;Musedu: Aus Liebe zur Musik&#8221;\">Weiterlesen &#8230;<\/a><\/p>\n","protected":false},"author":1,"featured_media":2412,"comment_status":"closed","ping_status":"closed","sticky":false,"template":"","format":"standard","meta":{"_monsterinsights_skip_tracking":false,"_monsterinsights_sitenote_active":false,"_monsterinsights_sitenote_note":"","_monsterinsights_sitenote_category":0,"generate_page_header":"","footnotes":""},"categories":[6],"tags":[],"_links":{"self":[{"href":"https:\/\/musedu.at\/de\/wp-json\/wp\/v2\/posts\/2396"}],"collection":[{"href":"https:\/\/musedu.at\/de\/wp-json\/wp\/v2\/posts"}],"about":[{"href":"https:\/\/musedu.at\/de\/wp-json\/wp\/v2\/types\/post"}],"author":[{"embeddable":true,"href":"https:\/\/musedu.at\/de\/wp-json\/wp\/v2\/users\/1"}],"replies":[{"embeddable":true,"href":"https:\/\/musedu.at\/de\/wp-json\/wp\/v2\/comments?post=2396"}],"version-history":[{"count":10,"href":"https:\/\/musedu.at\/de\/wp-json\/wp\/v2\/posts\/2396\/revisions"}],"predecessor-version":[{"id":2430,"href":"https:\/\/musedu.at\/de\/wp-json\/wp\/v2\/posts\/2396\/revisions\/2430"}],"wp:featuredmedia":[{"embeddable":true,"href":"https:\/\/musedu.at\/de\/wp-json\/wp\/v2\/media\/2412"}],"wp:attachment":[{"href":"https:\/\/musedu.at\/de\/wp-json\/wp\/v2\/media?parent=2396"}],"wp:term":[{"taxonomy":"category","embeddable":true,"href":"https:\/\/musedu.at\/de\/wp-json\/wp\/v2\/categories?post=2396"},{"taxonomy":"post_tag","embeddable":true,"href":"https:\/\/musedu.at\/de\/wp-json\/wp\/v2\/tags?post=2396"}],"curies":[{"name":"wp","href":"https:\/\/api.w.org\/{rel}","templated":true}]}}